{"id":1643,"date":"2023-09-30T15:08:36","date_gmt":"2023-09-30T14:08:36","guid":{"rendered":"https:\/\/deltaautogroup.rs\/bmw-na-padel-belgrade-open-u\/"},"modified":"2023-12-26T12:06:30","modified_gmt":"2023-12-26T11:06:30","slug":"bmw-na-padel-belgrade-open-u","status":"publish","type":"post","link":"https:\/\/deltaautogroup.rs\/en\/bmw-at-the-padel-belgrade-open\/","title":{"rendered":"BMW at the Padel Belgrade Open"},"content":{"rendered":"\n<p class=\"wp-block-paragraph\">The best paddle players in Serbia, along with participants from abroad, had the opportunity to compete in the international paddle tournament in Belgrade, which took place for the first time in a specially designed format. BMW partnered to support this sports event, organized at the highest level to date, featuring master, recreational, and mixed categories.<\/p>\n\n\n\n<p class=\"wp-block-paragraph\"><\/p>\n\n\n\n<p class=\"wp-block-paragraph\">Sports enthusiasts had the chance to witness top-notch matches during the two-day Padel Belgrade Open, held on the plateau of the Geozavod &#8220;Belgrade on Water.&#8221; In addition to the exciting sports action, the audience enjoyed viewing showcased BMW models from the 5 Series and BMW X6.<\/p>\n\n\n\n<p class=\"wp-block-paragraph\"><\/p>\n\n\n\n<p class=\"wp-block-paragraph\">Throughout the tournament, in addition to local players, guests from France, Greece, Italy, and Croatia showcased their skills. The audience particularly enjoyed the performance of the director of the Serbia Open ATP 250 and tournament ambassador \u0110or\u0111e \u0110okovi\u0107 (paired with Marko Bo\u0161kovi\u0107) and the game of former tennis professional and one of the best doubles coaches in the world, Miki Jankovi\u0107 (paired with Vasilije Miki\u0107).<\/p>\n","protected":false},"excerpt":{"rendered":"<p>The best paddle players in Serbia, along with participants from abroad, had the opportunity to compete in the international paddle tournament in Belgrade, which took place for the first time in a specially designed format. BMW partnered to support this sports event, organized at the highest level to date, featuring master, recreational, and mixed categories. [&hellip;]<\/p>\n","protected":false},"author":3,"featured_media":1340,"comment_status":"closed","ping_status":"closed","sticky":false,"template":"","format":"standard","meta":{"_acf_changed":false,"_jetpack_newsletter_access":"","_jetpack_dont_email_post_to_subs":false,"_jetpack_newsletter_tier_id":0,"_jetpack_memberships_contains_paywalled_content":false,"_jetpack_feature_clip_id":0,"_jetpack_memberships_contains_paid_content":false,"footnotes":"","jetpack_post_was_ever_published":false},"categories":[64],"tags":[],"class_list":["post-1643","post","type-post","status-publish","format-standard","has-post-thumbnail","hentry","category-events"],"acf":[],"yoast_head":"<!-- This site is optimized with the Yoast SEO plugin v28.2 - https:\/\/yoast.com\/product\/yoast-seo-wordpress\/ -->\n<title>BMW at the Padel Belgrade Open - Delta Auto Group<\/title>\n<meta name=\"robots\" content=\"index, follow, max-snippet:-1, max-image-preview:large, max-video-preview:-1\" \/>\n<link rel=\"canonical\" href=\"https:\/\/deltaautogroup.rs\/en\/bmw-at-the-padel-belgrade-open\/\" \/>\n<meta property=\"og:locale\" content=\"en_US\" \/>\n<meta property=\"og:type\" content=\"article\" \/>\n<meta property=\"og:title\" content=\"BMW at the Padel Belgrade Open - Delta Auto Group\" \/>\n<meta property=\"og:description\" content=\"The best paddle players in Serbia, along with participants from abroad, had the opportunity to compete in the international paddle tournament in Belgrade, which took place for the first time in a specially designed format. BMW partnered to support this sports event, organized at the highest level to date, featuring master, recreational, and mixed categories. [&hellip;]\" \/>\n<meta property=\"og:url\" content=\"https:\/\/deltaautogroup.rs\/en\/bmw-at-the-padel-belgrade-open\/\" \/>\n<meta property=\"og:site_name\" content=\"Delta Auto Group\" \/>\n<meta property=\"article:published_time\" content=\"2023-09-30T14:08:36+00:00\" \/>\n<meta property=\"article:modified_time\" content=\"2023-12-26T11:06:30+00:00\" \/>\n<meta property=\"og:image\" content=\"https:\/\/deltaautogroup.rs\/wp-content\/uploads\/2023\/12\/Naslovna.jpg\" \/>\n\t<meta property=\"og:image:width\" content=\"1280\" \/>\n\t<meta property=\"og:image:height\" content=\"600\" \/>\n\t<meta property=\"og:image:type\" content=\"image\/jpeg\" \/>\n<meta name=\"author\" content=\"Milo\u0161 Veskovi\u0107\" \/>\n<meta name=\"twitter:card\" content=\"summary_large_image\" \/>\n<meta name=\"twitter:label1\" content=\"Written by\" \/>\n\t<meta name=\"twitter:data1\" content=\"Milo\u0161 Veskovi\u0107\" \/>\n\t<meta name=\"twitter:label2\" content=\"Est. reading time\" \/>\n\t<meta name=\"twitter:data2\" content=\"1 minute\" \/>\n<script type=\"application\/ld+json\" class=\"yoast-schema-graph\">{\"@context\":\"https:\\\/\\\/schema.org\",\"@graph\":[{\"@type\":\"Article\",\"@id\":\"https:\\\/\\\/deltaautogroup.rs\\\/en\\\/bmw-at-the-padel-belgrade-open\\\/#article\",\"isPartOf\":{\"@id\":\"https:\\\/\\\/deltaautogroup.rs\\\/en\\\/bmw-at-the-padel-belgrade-open\\\/\"},\"author\":{\"name\":\"Milo\u0161 Veskovi\u0107\",\"@id\":\"https:\\\/\\\/deltaautogroup.rs\\\/en\\\/#\\\/schema\\\/person\\\/d74e127baa759fc4d0410d885a440a73\"},\"headline\":\"BMW at the Padel Belgrade Open\",\"datePublished\":\"2023-09-30T14:08:36+00:00\",\"dateModified\":\"2023-12-26T11:06:30+00:00\",\"mainEntityOfPage\":{\"@id\":\"https:\\\/\\\/deltaautogroup.rs\\\/en\\\/bmw-at-the-padel-belgrade-open\\\/\"},\"wordCount\":172,\"publisher\":{\"@id\":\"https:\\\/\\\/deltaautogroup.rs\\\/en\\\/#organization\"},\"image\":{\"@id\":\"https:\\\/\\\/deltaautogroup.rs\\\/en\\\/bmw-at-the-padel-belgrade-open\\\/#primaryimage\"},\"thumbnailUrl\":\"https:\\\/\\\/deltaautogroup.rs\\\/wp-content\\\/uploads\\\/2023\\\/12\\\/Naslovna.jpg\",\"articleSection\":[\"Events\"],\"inLanguage\":\"en-US\"},{\"@type\":\"WebPage\",\"@id\":\"https:\\\/\\\/deltaautogroup.rs\\\/en\\\/bmw-at-the-padel-belgrade-open\\\/\",\"url\":\"https:\\\/\\\/deltaautogroup.rs\\\/en\\\/bmw-at-the-padel-belgrade-open\\\/\",\"name\":\"BMW at the Padel Belgrade Open - Delta Auto Group\",\"isPartOf\":{\"@id\":\"https:\\\/\\\/deltaautogroup.rs\\\/en\\\/#website\"},\"primaryImageOfPage\":{\"@id\":\"https:\\\/\\\/deltaautogroup.rs\\\/en\\\/bmw-at-the-padel-belgrade-open\\\/#primaryimage\"},\"image\":{\"@id\":\"https:\\\/\\\/deltaautogroup.rs\\\/en\\\/bmw-at-the-padel-belgrade-open\\\/#primaryimage\"},\"thumbnailUrl\":\"https:\\\/\\\/deltaautogroup.rs\\\/wp-content\\\/uploads\\\/2023\\\/12\\\/Naslovna.jpg\",\"datePublished\":\"2023-09-30T14:08:36+00:00\",\"dateModified\":\"2023-12-26T11:06:30+00:00\",\"breadcrumb\":{\"@id\":\"https:\\\/\\\/deltaautogroup.rs\\\/en\\\/bmw-at-the-padel-belgrade-open\\\/#breadcrumb\"},\"inLanguage\":\"en-US\",\"potentialAction\":[{\"@type\":\"ReadAction\",\"target\":[\"https:\\\/\\\/deltaautogroup.rs\\\/en\\\/bmw-at-the-padel-belgrade-open\\\/\"]}]},{\"@type\":\"ImageObject\",\"inLanguage\":\"en-US\",\"@id\":\"https:\\\/\\\/deltaautogroup.rs\\\/en\\\/bmw-at-the-padel-belgrade-open\\\/#primaryimage\",\"url\":\"https:\\\/\\\/deltaautogroup.rs\\\/wp-content\\\/uploads\\\/2023\\\/12\\\/Naslovna.jpg\",\"contentUrl\":\"https:\\\/\\\/deltaautogroup.rs\\\/wp-content\\\/uploads\\\/2023\\\/12\\\/Naslovna.jpg\",\"width\":1280,\"height\":600},{\"@type\":\"BreadcrumbList\",\"@id\":\"https:\\\/\\\/deltaautogroup.rs\\\/en\\\/bmw-at-the-padel-belgrade-open\\\/#breadcrumb\",\"itemListElement\":[{\"@type\":\"ListItem\",\"position\":1,\"name\":\"\u041f\u043e\u0447\u0435\u0442\u043d\u0430\",\"item\":\"https:\\\/\\\/deltaautogroup.rs\\\/en\\\/\"},{\"@type\":\"ListItem\",\"position\":2,\"name\":\"BMW at the Padel Belgrade Open\"}]},{\"@type\":\"WebSite\",\"@id\":\"https:\\\/\\\/deltaautogroup.rs\\\/en\\\/#website\",\"url\":\"https:\\\/\\\/deltaautogroup.rs\\\/en\\\/\",\"name\":\"Delta Auto Group\",\"description\":\"\",\"publisher\":{\"@id\":\"https:\\\/\\\/deltaautogroup.rs\\\/en\\\/#organization\"},\"potentialAction\":[{\"@type\":\"SearchAction\",\"target\":{\"@type\":\"EntryPoint\",\"urlTemplate\":\"https:\\\/\\\/deltaautogroup.rs\\\/en\\\/?s={search_term_string}\"},\"query-input\":{\"@type\":\"PropertyValueSpecification\",\"valueRequired\":true,\"valueName\":\"search_term_string\"}}],\"inLanguage\":\"en-US\"},{\"@type\":\"Organization\",\"@id\":\"https:\\\/\\\/deltaautogroup.rs\\\/en\\\/#organization\",\"name\":\"Delta Auto Group\",\"url\":\"https:\\\/\\\/deltaautogroup.rs\\\/en\\\/\",\"logo\":{\"@type\":\"ImageObject\",\"inLanguage\":\"en-US\",\"@id\":\"https:\\\/\\\/deltaautogroup.rs\\\/en\\\/#\\\/schema\\\/logo\\\/image\\\/\",\"url\":\"https:\\\/\\\/deltaautogroup.rs\\\/wp-content\\\/uploads\\\/2023\\\/11\\\/deltaautogroup-header-logo.png\",\"contentUrl\":\"https:\\\/\\\/deltaautogroup.rs\\\/wp-content\\\/uploads\\\/2023\\\/11\\\/deltaautogroup-header-logo.png\",\"width\":183,\"height\":41,\"caption\":\"Delta Auto Group\"},\"image\":{\"@id\":\"https:\\\/\\\/deltaautogroup.rs\\\/en\\\/#\\\/schema\\\/logo\\\/image\\\/\"}},{\"@type\":\"Person\",\"@id\":\"https:\\\/\\\/deltaautogroup.rs\\\/en\\\/#\\\/schema\\\/person\\\/d74e127baa759fc4d0410d885a440a73\",\"name\":\"Milo\u0161 Veskovi\u0107\",\"image\":{\"@type\":\"ImageObject\",\"inLanguage\":\"en-US\",\"@id\":\"https:\\\/\\\/secure.gravatar.com\\\/avatar\\\/054aa3954b3672679a2eaf48306734f092e4383df5999ed0e13d86e17c5a050f?s=96&d=mm&r=g\",\"url\":\"https:\\\/\\\/secure.gravatar.com\\\/avatar\\\/054aa3954b3672679a2eaf48306734f092e4383df5999ed0e13d86e17c5a050f?s=96&d=mm&r=g\",\"contentUrl\":\"https:\\\/\\\/secure.gravatar.com\\\/avatar\\\/054aa3954b3672679a2eaf48306734f092e4383df5999ed0e13d86e17c5a050f?s=96&d=mm&r=g\",\"caption\":\"Milo\u0161 Veskovi\u0107\"},\"url\":\"https:\\\/\\\/deltaautogroup.rs\\\/en\\\/author\\\/vesko\\\/\"}]}<\/script>\n<!-- \/ Yoast SEO plugin. -->","yoast_head_json":{"title":"BMW at the Padel Belgrade Open - Delta Auto Group","robots":{"index":"index","follow":"follow","max-snippet":"max-snippet:-1","max-image-preview":"max-image-preview:large","max-video-preview":"max-video-preview:-1"},"canonical":"https:\/\/deltaautogroup.rs\/en\/bmw-at-the-padel-belgrade-open\/","og_locale":"en_US","og_type":"article","og_title":"BMW at the Padel Belgrade Open - Delta Auto Group","og_description":"The best paddle players in Serbia, along with participants from abroad, had the opportunity to compete in the international paddle tournament in Belgrade, which took place for the first time in a specially designed format. BMW partnered to support this sports event, organized at the highest level to date, featuring master, recreational, and mixed categories. [&hellip;]","og_url":"https:\/\/deltaautogroup.rs\/en\/bmw-at-the-padel-belgrade-open\/","og_site_name":"Delta Auto Group","article_published_time":"2023-09-30T14:08:36+00:00","article_modified_time":"2023-12-26T11:06:30+00:00","og_image":[{"width":1280,"height":600,"url":"https:\/\/deltaautogroup.rs\/wp-content\/uploads\/2023\/12\/Naslovna.jpg","type":"image\/jpeg"}],"author":"Milo\u0161 Veskovi\u0107","twitter_card":"summary_large_image","twitter_misc":{"Written by":"Milo\u0161 Veskovi\u0107","Est. reading time":"1 minute"},"schema":{"@context":"https:\/\/schema.org","@graph":[{"@type":"Article","@id":"https:\/\/deltaautogroup.rs\/en\/bmw-at-the-padel-belgrade-open\/#article","isPartOf":{"@id":"https:\/\/deltaautogroup.rs\/en\/bmw-at-the-padel-belgrade-open\/"},"author":{"name":"Milo\u0161 Veskovi\u0107","@id":"https:\/\/deltaautogroup.rs\/en\/#\/schema\/person\/d74e127baa759fc4d0410d885a440a73"},"headline":"BMW at the Padel Belgrade Open","datePublished":"2023-09-30T14:08:36+00:00","dateModified":"2023-12-26T11:06:30+00:00","mainEntityOfPage":{"@id":"https:\/\/deltaautogroup.rs\/en\/bmw-at-the-padel-belgrade-open\/"},"wordCount":172,"publisher":{"@id":"https:\/\/deltaautogroup.rs\/en\/#organization"},"image":{"@id":"https:\/\/deltaautogroup.rs\/en\/bmw-at-the-padel-belgrade-open\/#primaryimage"},"thumbnailUrl":"https:\/\/deltaautogroup.rs\/wp-content\/uploads\/2023\/12\/Naslovna.jpg","articleSection":["Events"],"inLanguage":"en-US"},{"@type":"WebPage","@id":"https:\/\/deltaautogroup.rs\/en\/bmw-at-the-padel-belgrade-open\/","url":"https:\/\/deltaautogroup.rs\/en\/bmw-at-the-padel-belgrade-open\/","name":"BMW at the Padel Belgrade Open - Delta Auto Group","isPartOf":{"@id":"https:\/\/deltaautogroup.rs\/en\/#website"},"primaryImageOfPage":{"@id":"https:\/\/deltaautogroup.rs\/en\/bmw-at-the-padel-belgrade-open\/#primaryimage"},"image":{"@id":"https:\/\/deltaautogroup.rs\/en\/bmw-at-the-padel-belgrade-open\/#primaryimage"},"thumbnailUrl":"https:\/\/deltaautogroup.rs\/wp-content\/uploads\/2023\/12\/Naslovna.jpg","datePublished":"2023-09-30T14:08:36+00:00","dateModified":"2023-12-26T11:06:30+00:00","breadcrumb":{"@id":"https:\/\/deltaautogroup.rs\/en\/bmw-at-the-padel-belgrade-open\/#breadcrumb"},"inLanguage":"en-US","potentialAction":[{"@type":"ReadAction","target":["https:\/\/deltaautogroup.rs\/en\/bmw-at-the-padel-belgrade-open\/"]}]},{"@type":"ImageObject","inLanguage":"en-US","@id":"https:\/\/deltaautogroup.rs\/en\/bmw-at-the-padel-belgrade-open\/#primaryimage","url":"https:\/\/deltaautogroup.rs\/wp-content\/uploads\/2023\/12\/Naslovna.jpg","contentUrl":"https:\/\/deltaautogroup.rs\/wp-content\/uploads\/2023\/12\/Naslovna.jpg","width":1280,"height":600},{"@type":"BreadcrumbList","@id":"https:\/\/deltaautogroup.rs\/en\/bmw-at-the-padel-belgrade-open\/#breadcrumb","itemListElement":[{"@type":"ListItem","position":1,"name":"\u041f\u043e\u0447\u0435\u0442\u043d\u0430","item":"https:\/\/deltaautogroup.rs\/en\/"},{"@type":"ListItem","position":2,"name":"BMW at the Padel Belgrade Open"}]},{"@type":"WebSite","@id":"https:\/\/deltaautogroup.rs\/en\/#website","url":"https:\/\/deltaautogroup.rs\/en\/","name":"Delta Auto Group","description":"","publisher":{"@id":"https:\/\/deltaautogroup.rs\/en\/#organization"},"potentialAction":[{"@type":"SearchAction","target":{"@type":"EntryPoint","urlTemplate":"https:\/\/deltaautogroup.rs\/en\/?s={search_term_string}"},"query-input":{"@type":"PropertyValueSpecification","valueRequired":true,"valueName":"search_term_string"}}],"inLanguage":"en-US"},{"@type":"Organization","@id":"https:\/\/deltaautogroup.rs\/en\/#organization","name":"Delta Auto Group","url":"https:\/\/deltaautogroup.rs\/en\/","logo":{"@type":"ImageObject","inLanguage":"en-US","@id":"https:\/\/deltaautogroup.rs\/en\/#\/schema\/logo\/image\/","url":"https:\/\/deltaautogroup.rs\/wp-content\/uploads\/2023\/11\/deltaautogroup-header-logo.png","contentUrl":"https:\/\/deltaautogroup.rs\/wp-content\/uploads\/2023\/11\/deltaautogroup-header-logo.png","width":183,"height":41,"caption":"Delta Auto Group"},"image":{"@id":"https:\/\/deltaautogroup.rs\/en\/#\/schema\/logo\/image\/"}},{"@type":"Person","@id":"https:\/\/deltaautogroup.rs\/en\/#\/schema\/person\/d74e127baa759fc4d0410d885a440a73","name":"Milo\u0161 Veskovi\u0107","image":{"@type":"ImageObject","inLanguage":"en-US","@id":"https:\/\/secure.gravatar.com\/avatar\/054aa3954b3672679a2eaf48306734f092e4383df5999ed0e13d86e17c5a050f?s=96&d=mm&r=g","url":"https:\/\/secure.gravatar.com\/avatar\/054aa3954b3672679a2eaf48306734f092e4383df5999ed0e13d86e17c5a050f?s=96&d=mm&r=g","contentUrl":"https:\/\/secure.gravatar.com\/avatar\/054aa3954b3672679a2eaf48306734f092e4383df5999ed0e13d86e17c5a050f?s=96&d=mm&r=g","caption":"Milo\u0161 Veskovi\u0107"},"url":"https:\/\/deltaautogroup.rs\/en\/author\/vesko\/"}]}},"jetpack_sharing_enabled":true,"jetpack_featured_media_url":"https:\/\/deltaautogroup.rs\/wp-content\/uploads\/2023\/12\/Naslovna.jpg","_links":{"self":[{"href":"https:\/\/deltaautogroup.rs\/en\/wp-json\/wp\/v2\/posts\/1643","targetHints":{"allow":["GET"]}}],"collection":[{"href":"https:\/\/deltaautogroup.rs\/en\/wp-json\/wp\/v2\/posts"}],"about":[{"href":"https:\/\/deltaautogroup.rs\/en\/wp-json\/wp\/v2\/types\/post"}],"author":[{"embeddable":true,"href":"https:\/\/deltaautogroup.rs\/en\/wp-json\/wp\/v2\/users\/3"}],"replies":[{"embeddable":true,"href":"https:\/\/deltaautogroup.rs\/en\/wp-json\/wp\/v2\/comments?post=1643"}],"version-history":[{"count":0,"href":"https:\/\/deltaautogroup.rs\/en\/wp-json\/wp\/v2\/posts\/1643\/revisions"}],"wp:featuredmedia":[{"embeddable":true,"href":"https:\/\/deltaautogroup.rs\/en\/wp-json\/wp\/v2\/media\/1340"}],"wp:attachment":[{"href":"https:\/\/deltaautogroup.rs\/en\/wp-json\/wp\/v2\/media?parent=1643"}],"wp:term":[{"taxonomy":"category","embeddable":true,"href":"https:\/\/deltaautogroup.rs\/en\/wp-json\/wp\/v2\/categories?post=1643"},{"taxonomy":"post_tag","embeddable":true,"href":"https:\/\/deltaautogroup.rs\/en\/wp-json\/wp\/v2\/tags?post=1643"}],"curies":[{"name":"wp","href":"https:\/\/api.w.org\/{rel}","templated":true}]}}